{"id":18044,"date":"2025-10-23T11:42:52","date_gmt":"2025-10-23T09:42:52","guid":{"rendered":"https:\/\/emag.baerenreiter.com\/unkategorisiert\/new-orchestral-works\/"},"modified":"2025-10-23T11:50:11","modified_gmt":"2025-10-23T09:50:11","slug":"new-orchestral-works","status":"publish","type":"post","link":"https:\/\/emag.baerenreiter.com\/en\/baerenreiter-on-stage-en\/new-orchestral-works\/","title":{"rendered":"New orchestral works"},"content":{"rendered":"<div class=\"grve-section grve-row-section grve-fullwidth-background grve-with-bg-transparent\" data-header-color=\"light\"><div class=\"grve-container\"><div class=\"grve-row grve-bookmark grve-columns-gap-none\"><div class=\"grve-column wpb_column grve-bookmark grve-column-1-4 grve-wpb-1701326342860 grve-vertical-position-middle grve-with-bg-transparent grve-empty-column\"><div class=\"grve-column-wrapper\"><div class=\"grve-column-content\" ><\/div><\/div><\/div><div class=\"grve-column wpb_column grve-bookmark grve-column-1-2  grve-with-bg-transparent\"><div class=\"grve-column-wrapper\"><div class=\"grve-column-content\" ><div class=\"grve-empty-space grve-height-1x\"><\/div><h1 class=\"grve-element grve-title grve-align-center grve-h1\"><span>New orchestral works<\/span><\/h1><div class=\"grve-empty-space grve-height-2x\"><\/div><\/div><\/div><\/div><div class=\"grve-column wpb_column grve-bookmark grve-column-1-4  grve-with-bg-transparent grve-empty-column\"><div class=\"grve-column-wrapper\"><div class=\"grve-column-content\" ><\/div><\/div><\/div><\/div><\/div><\/div><div class=\"grve-section grve-row-section grve-fullwidth-background grve-padding-bottom-4x grve-with-bg-transparent\" data-header-color=\"default\"><div class=\"grve-container\"><div class=\"grve-row grve-bookmark grve-columns-gap-default grve-mobile-vertical-gap-30\"><div class=\"grve-column wpb_column grve-bookmark grve-column-1  grve-with-bg-transparent\"><div class=\"grve-column-wrapper\"><div class=\"grve-column-content\" ><div class=\"grve-inner-section grve-with-bg-transparent\"><div class=\"grve-row-inner grve-bookmark grve-columns-gap-default grve-mobile-vertical-gap-30\"><div class=\"grve-column-inner wpb_column grve-column-5-12  grve-tablet-sm-column-1 grve-with-bg-transparent\"><div class=\"grve-column-wrapper-inner\"><div class=\"grve-column-inner-content\" ><div class=\"grve-element grve-image grve-align-center\">\r\n\t<div class=\"grve-image-item\">\r\n\t\t\r\n\r\n<div class=\"grve-image-wrapper grve-no-effect\">\r\n\t\t<div class=\"grve-thumbnail-wrapper\"  style=\"width: 300px;\"><div class=\"grve-thumbnail\"  style=\"padding-top: 133.333%;\"><img loading=\"lazy\" decoding=\"async\" width=\"300\" height=\"400\" src=\"https:\/\/emag.baerenreiter.com\/wp-content\/uploads\/2025\/10\/UAs-Nov.-2025-Artikelbild-1-Scartazzini.webp\" class=\"attachment-full size-full\" alt=\"\" srcset=\"https:\/\/emag.baerenreiter.com\/wp-content\/uploads\/2025\/10\/UAs-Nov.-2025-Artikelbild-1-Scartazzini.webp 1x,https:\/\/emag.baerenreiter.com\/wp-content\/uploads\/2025\/10\/251023-UAs-Nov.-2025-Artikelbild-1-Scartazzini-1.webp 2x\" data-column-space=\"auto\" data-lazyload=\"\" data-grve-filter=\"yes\" loading=\"lazy\" \/><\/div><\/div>\t<\/div>\r\n\t<\/div>\r\n<\/div>\r\n<\/div><\/div><\/div><div class=\"grve-column-inner wpb_column grve-column-7-12  grve-with-bg-transparent\"><div class=\"grve-column-wrapper-inner\"><div class=\"grve-column-inner-content\" ><div class=\"grve-element grve-text\">\r\n\t\t\t<p>\u201cHigh, fragile sounds light up and fade away. But gradually they win through and form a tonal space which increasingly consolidates downwards. A current starts up, the sounds increase in power and are pulled by the depths as if by a magnet. My new orchestral work \u2018Earth\u2019 begins with this image of gravity.\u201d The piece was composed by Andrea Lorenzo Scartazzini )photo: LA Consulting) for the 200th anniversary of the Bremer Philharmoniker. \u201cThe earthly is the theme of this composition. But not in the sense of physics, geology and nature alone, rather in the dimension of fundamental human experiences on the earth, as a musical approach to what our life here constitutes.\u201d The premiere takes place as part of celebratory concerts conducted by Music Director Marko Letonja on 2 and 3 November 2025 in Bremen.<\/p>\n\r\n\t\t<\/div>\r\n\t<\/div><\/div><\/div><\/div><\/div><\/div><\/div><\/div><\/div><\/div><\/div><div class=\"grve-section grve-row-section grve-fullwidth-background grve-padding-bottom-4x grve-with-bg-transparent\" data-header-color=\"default\"><div class=\"grve-container\"><div class=\"grve-row grve-bookmark grve-columns-gap-default grve-mobile-vertical-gap-30\"><div class=\"grve-column wpb_column grve-bookmark grve-column-1  grve-with-bg-transparent\"><div class=\"grve-column-wrapper\"><div class=\"grve-column-content\" ><div class=\"grve-inner-section grve-with-bg-transparent\"><div class=\"grve-row-inner grve-bookmark grve-columns-gap-default grve-mobile-vertical-gap-30\"><div class=\"grve-column-inner wpb_column grve-column-7-12  grve-tablet-sm-column-1 grve-with-bg-transparent\"><div class=\"grve-column-wrapper-inner\"><div class=\"grve-column-inner-content\" ><div class=\"grve-element grve-text\">\r\n\t\t\t<p>With her new orchestral piece \u201cToy Procession\u201d, \u013dubica \u010cekovsk\u00e1 (photo: Nelya Agdeeva) recalls the awareness of our childhood. The first performance takes place in Houston on Thanksgiving weekend, 28\u201330 November 2025. In the playfulness which appears in the title lies a profound philosophical approach. The composer is concerned with the process of remembering, of reviving childhood imagination, that carefree simplicity we often leave behind us when we are grown up: \u201cIn this music I am not searching for nostalgia, but rather for recognition. Through sound, I attempt to find access to this original glance, to that gentle clarity of being.\u201d The piece is written as a through-composed arch, in which forms develop, textures collide, tonal colours dissolve and rhythm becomes the structural principle. The \u201cten-minute stream of orchestral life\u201d will be premiered by the Houston Symphony Orchestra conducted by Juraj Val\u010duha.<\/p>\n\r\n\t\t<\/div>\r\n\t<\/div><\/div><\/div><div class=\"grve-column-inner wpb_column grve-column-5-12  grve-with-bg-transparent\"><div class=\"grve-column-wrapper-inner\"><div class=\"grve-column-inner-content\" ><div class=\"grve-element grve-image grve-align-center\">\r\n\t<div class=\"grve-image-item\">\r\n\t\t\r\n\r\n<div class=\"grve-image-wrapper grve-no-effect\">\r\n\t\t<div class=\"grve-thumbnail-wrapper\"  style=\"width: 300px;\"><div class=\"grve-thumbnail\"  style=\"padding-top: 150%;\"><img loading=\"lazy\" decoding=\"async\" width=\"300\" height=\"450\" src=\"https:\/\/emag.baerenreiter.com\/wp-content\/uploads\/2025\/10\/UAs-Nov.-2025-Artikelbild-2-Cekovska.webp\" class=\"attachment-full size-full\" alt=\"\" srcset=\"https:\/\/emag.baerenreiter.com\/wp-content\/uploads\/2025\/10\/UAs-Nov.-2025-Artikelbild-2-Cekovska.webp 1x,https:\/\/emag.baerenreiter.com\/wp-content\/uploads\/2025\/10\/251023-UAs-Nov.-2025-Artikelbild-2-Cekovska-1.webp 2x\" data-column-space=\"auto\" data-lazyload=\"\" data-grve-filter=\"yes\" loading=\"lazy\" \/><\/div><\/div>\t<\/div>\r\n\t<\/div>\r\n<\/div>\r\n<\/div><\/div><\/div><\/div><\/div><\/div><\/div><\/div><\/div><\/div><\/div>\n"},"excerpt":{"rendered":"<p>Works by Andrea Lorenzo Scartazzini and \u013dubica \u010cekovsk\u00e1 will premiere in Bremen and Houston in November<\/p>\n","protected":false},"author":5,"featured_media":18021,"comment_status":"closed","ping_status":"closed","sticky":false,"template":"","format":"standard","meta":{"_acf_changed":false,"_vp_format_video_url":"","_vp_image_focal_point":[],"_vp_custom_popup_image":0,"_vp_format_audio_url":"","_vp_album_images":[],"_vp_custom_thumbnail":0,"_vp_custom_thumbnail_focal_point":[],"_vp_custom_thumbnail_cover":0,"_vp_hover_thumbnail":0,"_vp_hover_thumbnail_focal_point":[],"footnotes":""},"categories":[47,94],"tags":[],"class_list":["post-18044","post","type-post","status-publish","format-standard","has-post-thumbnail","hentry","category-baerenreiter-on-stage-en","category-news-en","grve-entry-item","grve-blog-item"],"acf":[],"mtags":false,"wpml_current_locale":"en_US","wpml_translations":{"de_DE":{"locale":"de_DE","id":18017,"slug":"neue-orchesterstuecke","post_title":"Neue Orchesterst\u00fccke","href":"https:\/\/emag.baerenreiter.com\/news\/neue-orchesterstuecke\/"}},"_links":{"self":[{"href":"https:\/\/emag.baerenreiter.com\/en\/wp-json\/wp\/v2\/posts\/18044","targetHints":{"allow":["GET"]}}],"collection":[{"href":"https:\/\/emag.baerenreiter.com\/en\/wp-json\/wp\/v2\/posts"}],"about":[{"href":"https:\/\/emag.baerenreiter.com\/en\/wp-json\/wp\/v2\/types\/post"}],"author":[{"embeddable":true,"href":"https:\/\/emag.baerenreiter.com\/en\/wp-json\/wp\/v2\/users\/5"}],"replies":[{"embeddable":true,"href":"https:\/\/emag.baerenreiter.com\/en\/wp-json\/wp\/v2\/comments?post=18044"}],"version-history":[{"count":6,"href":"https:\/\/emag.baerenreiter.com\/en\/wp-json\/wp\/v2\/posts\/18044\/revisions"}],"predecessor-version":[{"id":18050,"href":"https:\/\/emag.baerenreiter.com\/en\/wp-json\/wp\/v2\/posts\/18044\/revisions\/18050"}],"wp:featuredmedia":[{"embeddable":true,"href":"https:\/\/emag.baerenreiter.com\/en\/wp-json\/wp\/v2\/media\/18021"}],"wp:attachment":[{"href":"https:\/\/emag.baerenreiter.com\/en\/wp-json\/wp\/v2\/media?parent=18044"}],"wp:term":[{"taxonomy":"category","embeddable":true,"href":"https:\/\/emag.baerenreiter.com\/en\/wp-json\/wp\/v2\/categories?post=18044"},{"taxonomy":"post_tag","embeddable":true,"href":"https:\/\/emag.baerenreiter.com\/en\/wp-json\/wp\/v2\/tags?post=18044"}],"curies":[{"name":"wp","href":"https:\/\/api.w.org\/{rel}","templated":true}]}}