{"id":16311,"date":"2025-05-21T14:55:26","date_gmt":"2025-05-21T12:55:26","guid":{"rendered":"https:\/\/emag.baerenreiter.com\/unkategorisiert\/winners-of-the-goettingen-handel-competition-announced\/"},"modified":"2025-06-25T12:10:47","modified_gmt":"2025-06-25T10:10:47","slug":"winners-of-the-goettingen-handel-competition-announced","status":"publish","type":"post","link":"https:\/\/emag.baerenreiter.com\/en\/news-en\/winners-of-the-goettingen-handel-competition-announced\/","title":{"rendered":"Winners of the G\u00f6ttingen Handel Competition announced"},"content":{"rendered":"<div class=\"grve-section grve-row-section grve-fullwidth-background grve-with-bg-transparent\" data-header-color=\"light\"><div class=\"grve-container\"><div class=\"grve-row grve-bookmark grve-columns-gap-none\"><div class=\"grve-column wpb_column grve-bookmark grve-column-1-2 grve-wpb-1701326342860 grve-vertical-position-middle grve-with-bg-transparent\"><div class=\"grve-column-wrapper\"><div class=\"grve-column-content\" ><div class=\"grve-empty-space grve-height-4x\"><\/div><div class=\"grve-element grve-image grve-align-center grve-image-space-100 grve-image-expand-width\">\r\n\t<div class=\"grve-image-item\">\r\n\t\t\r\n\r\n<div class=\"grve-image-wrapper grve-no-effect\">\r\n\t\t<div class=\"grve-thumbnail-wrapper\"><div class=\"grve-thumbnail\"  style=\"padding-top: 100%;\"><img loading=\"lazy\" decoding=\"async\" width=\"1190\" height=\"1190\" src=\"https:\/\/emag.baerenreiter.com\/wp-content\/uploads\/2025\/05\/250522-Goettingen-Haendel-Competition-Beitragsbild.webp\" class=\"attachment-full size-full\" alt=\"Group of people standing and sitting on stairs in front of a building labeled \u201cMensa\u201d.\" srcset=\"https:\/\/emag.baerenreiter.com\/wp-content\/uploads\/2025\/05\/250522-Goettingen-Haendel-Competition-Beitragsbild.webp 1x,https:\/\/emag.baerenreiter.com\/wp-content\/uploads\/2025\/05\/250522-Goettingen-Haendel-Competition-Beitragsbild.webp 2x\" data-column-space=\"100\" data-lazyload=\"\" data-grve-filter=\"yes\" loading=\"lazy\" \/><\/div><\/div>\t<\/div>\r\n\t<\/div>\r\n<\/div>\r\n<div class=\"grve-empty-space grve-height-4x\"><\/div><\/div><\/div><\/div><div class=\"grve-column wpb_column grve-bookmark grve-column-1-2  grve-column-fullheight grve-vertical-position-middle grve-with-bg-transparent\"><div class=\"grve-column-wrapper\"><div class=\"grve-column-content\" ><h1 class=\"grve-element grve-title grve-align-inherit grve-h1\"><span>Winners of the G\u00f6ttingen Handel Competition announced<\/span><\/h1><\/div><\/div><\/div><\/div><\/div><\/div><div class=\"grve-section grve-row-section grve-fullwidth-background grve-padding-bottom-4x grve-with-bg-transparent\" data-header-color=\"default\"><div class=\"grve-container\"><div class=\"grve-row grve-bookmark grve-columns-gap-default grve-mobile-vertical-gap-30\"><div class=\"grve-column wpb_column grve-bookmark grve-column-1  grve-with-bg-transparent\"><div class=\"grve-column-wrapper\"><div class=\"grve-column-content\" ><div class=\"grve-inner-section grve-with-bg-transparent\"><div class=\"grve-row-inner grve-bookmark grve-columns-gap-default grve-mobile-vertical-gap-30\"><div class=\"grve-column-inner wpb_column grve-column-1  grve-tablet-sm-column-hide grve-mobile-column-hide grve-with-bg-transparent\"><div class=\"grve-column-wrapper-inner\"><div class=\"grve-column-inner-content\" ><div class=\"grve-element grve-text\">\r\n\t\t\t<p>The G\u00f6ttingen Handel Competition 2025 has come to a close. First prize went to the ensemble \u201cLa Mandorle\u201d with Victoire Delnatte (oboe), Clotilde Sors (violin), Camille Sors (violoncello) and \u00c9lodie Brzustowski (theorbo, baroque guitar). The four French women impressed with music by George Frideric Handel and Robert de Vis\u00e9e as well as their own improvisation on the French children&#8217;s song \u201cNous n&#8217;irons plus au bois\u201d. \u201cLa Mandorle\u201d also won the audience prize.<br \/>\nThe B\u00e4renreiter Urtext Prize was awarded to the international ensemble \u201cLes Fleurs du Bien\u201d (photo: Alciro Theodoro da Silva): Jasmin Binde (soprano), Lin Ling (flute), Valeriia Kustitska (violin), Claudia Cecchinato (violoncello), Adam Riha (theorbo) and Veronika Sazonova (harpsichord). Jury member Marie Luise Maintz from B\u00e4renreiter-Verlag was won over by the \u201cdramaturgical and interpretative achievement with which the ensemble.<br \/>\nThe \u201cMusic and Space\u201d special award went to the German-Austrian Yara Ensemble.<\/p>\n\r\n\t\t<\/div>\r\n\t<\/div><\/div><\/div><\/div><\/div><\/div><\/div><\/div><\/div><\/div><\/div><div class=\"grve-section grve-row-section grve-fullwidth-background grve-padding-bottom-4x grve-with-bg-transparent\" data-header-color=\"default\"><div class=\"grve-container\"><div class=\"grve-row grve-bookmark grve-columns-gap-default grve-mobile-vertical-gap-30\"><div class=\"grve-column wpb_column grve-bookmark grve-column-1  grve-with-bg-transparent\"><div class=\"grve-column-wrapper\"><div class=\"grve-column-content\" ><div class=\"grve-inner-section grve-with-bg-transparent\"><div class=\"grve-row-inner grve-bookmark grve-columns-gap-default grve-mobile-vertical-gap-30\"><div class=\"grve-column-inner wpb_column grve-column-1  grve-tablet-sm-column-hide grve-mobile-column-hide grve-with-bg-transparent\"><div class=\"grve-column-wrapper-inner\"><div class=\"grve-column-inner-content\" ><div class=\"grve-element grve-image grve-align-center\">\r\n\t<div class=\"grve-image-item\">\r\n\t\t\r\n\r\n<div class=\"grve-image-wrapper grve-no-effect\">\r\n\t\t<div class=\"grve-thumbnail-wrapper\"  style=\"width: 1789px;\"><div class=\"grve-thumbnail\"  style=\"padding-top: 66.518%;\"><img loading=\"lazy\" decoding=\"async\" width=\"1789\" height=\"1190\" src=\"https:\/\/emag.baerenreiter.com\/wp-content\/uploads\/2025\/05\/250522-Goettingen-Haendel-Competition-Artikelbild.webp\" class=\"attachment-full size-full\" alt=\"Ensemble with voice, flute, violin, cello, harpsichord, and theorbo performs for an audience in a hall.\" srcset=\"https:\/\/emag.baerenreiter.com\/wp-content\/uploads\/2025\/05\/250522-Goettingen-Haendel-Competition-Artikelbild.webp 1x,https:\/\/emag.baerenreiter.com\/wp-content\/uploads\/2025\/05\/250522-Goettingen-Haendel-Competition-Artikelbild.webp 2x\" data-column-space=\"auto\" data-lazyload=\"\" data-grve-filter=\"yes\" loading=\"lazy\" \/><\/div><\/div>\t<\/div>\r\n\t<\/div>\r\n<\/div>\r\n<\/div><\/div><\/div><\/div><\/div><\/div><\/div><\/div><\/div><\/div><\/div>\n"},"excerpt":{"rendered":"<p>B\u00e4renreiter awarded a special prize at the renowned competition in G\u00f6ttingen.<\/p>\n","protected":false},"author":5,"featured_media":16300,"comment_status":"closed","ping_status":"closed","sticky":false,"template":"","format":"standard","meta":{"_acf_changed":false,"_vp_format_video_url":"","_vp_image_focal_point":[],"_vp_custom_popup_image":0,"_vp_format_audio_url":"","_vp_album_images":[],"_vp_custom_thumbnail":0,"_vp_custom_thumbnail_focal_point":[],"_vp_custom_thumbnail_cover":0,"_vp_hover_thumbnail":0,"_vp_hover_thumbnail_focal_point":[],"footnotes":""},"categories":[94],"tags":[],"class_list":["post-16311","post","type-post","status-publish","format-standard","has-post-thumbnail","hentry","category-news-en","grve-entry-item","grve-blog-item"],"acf":[],"mtags":false,"wpml_current_locale":"en_US","wpml_translations":{"de_DE":{"locale":"de_DE","id":16309,"slug":"goettingen-haendel-competition","post_title":"Gewinner beim G\u00f6ttingen H\u00e4ndel Competition gek\u00fcrt","href":"https:\/\/emag.baerenreiter.com\/news\/goettingen-haendel-competition\/"}},"_links":{"self":[{"href":"https:\/\/emag.baerenreiter.com\/en\/wp-json\/wp\/v2\/posts\/16311","targetHints":{"allow":["GET"]}}],"collection":[{"href":"https:\/\/emag.baerenreiter.com\/en\/wp-json\/wp\/v2\/posts"}],"about":[{"href":"https:\/\/emag.baerenreiter.com\/en\/wp-json\/wp\/v2\/types\/post"}],"author":[{"embeddable":true,"href":"https:\/\/emag.baerenreiter.com\/en\/wp-json\/wp\/v2\/users\/5"}],"replies":[{"embeddable":true,"href":"https:\/\/emag.baerenreiter.com\/en\/wp-json\/wp\/v2\/comments?post=16311"}],"version-history":[{"count":4,"href":"https:\/\/emag.baerenreiter.com\/en\/wp-json\/wp\/v2\/posts\/16311\/revisions"}],"predecessor-version":[{"id":16622,"href":"https:\/\/emag.baerenreiter.com\/en\/wp-json\/wp\/v2\/posts\/16311\/revisions\/16622"}],"wp:featuredmedia":[{"embeddable":true,"href":"https:\/\/emag.baerenreiter.com\/en\/wp-json\/wp\/v2\/media\/16300"}],"wp:attachment":[{"href":"https:\/\/emag.baerenreiter.com\/en\/wp-json\/wp\/v2\/media?parent=16311"}],"wp:term":[{"taxonomy":"category","embeddable":true,"href":"https:\/\/emag.baerenreiter.com\/en\/wp-json\/wp\/v2\/categories?post=16311"},{"taxonomy":"post_tag","embeddable":true,"href":"https:\/\/emag.baerenreiter.com\/en\/wp-json\/wp\/v2\/tags?post=16311"}],"curies":[{"name":"wp","href":"https:\/\/api.w.org\/{rel}","templated":true}]}}