{"id":15890,"date":"2025-03-26T10:45:03","date_gmt":"2025-03-26T09:45:03","guid":{"rendered":"https:\/\/emag.baerenreiter.com\/unkategorisiert\/impressive-bach-competition-winner\/"},"modified":"2025-03-26T13:23:08","modified_gmt":"2025-03-26T12:23:08","slug":"impressive-bach-competition-winner","status":"publish","type":"post","link":"https:\/\/emag.baerenreiter.com\/en\/news-en\/impressive-bach-competition-winner\/","title":{"rendered":"Impressive Bach Competition winner"},"content":{"rendered":"<div class=\"grve-section grve-row-section grve-fullwidth-background grve-padding-top-1x grve-padding-bottom-1x grve-with-bg-transparent\" data-header-color=\"default\"><div class=\"grve-container\"><div class=\"grve-row grve-bookmark grve-columns-gap-default grve-mobile-vertical-gap-30\"><div class=\"grve-column wpb_column grve-bookmark grve-column-1-4  grve-with-bg-transparent grve-empty-column\"><div class=\"grve-column-wrapper\"><div class=\"grve-column-content\" ><\/div><\/div><\/div><div class=\"grve-column wpb_column grve-bookmark grve-column-1-2  grve-with-bg-transparent\"><div class=\"grve-column-wrapper\"><div class=\"grve-column-content\" ><h1 class=\"grve-element grve-title grve-align-inherit grve-h2\"><span>Impressive Bach Competition winner<br \/>\nB\u00e4renreiter donates special prize in Leipzig<\/span><\/h1><\/div><\/div><\/div><div class=\"grve-column wpb_column grve-bookmark grve-column-1-4  grve-with-bg-transparent grve-empty-column\"><div class=\"grve-column-wrapper\"><div class=\"grve-column-content\" ><\/div><\/div><\/div><\/div><\/div><\/div><div class=\"grve-section grve-row-section grve-fullwidth-background grve-padding-top-1x grve-padding-bottom-1x grve-with-bg-transparent\" data-header-color=\"default\"><div class=\"grve-container\"><div class=\"grve-row grve-bookmark grve-columns-gap-default grve-mobile-vertical-gap-30\"><div class=\"grve-column wpb_column grve-bookmark grve-column-1-4  grve-with-bg-transparent grve-empty-column\"><div class=\"grve-column-wrapper\"><div class=\"grve-column-content\" ><\/div><\/div><\/div><div class=\"grve-column wpb_column grve-bookmark grve-column-1-2  grve-with-bg-transparent\"><div class=\"grve-column-wrapper\"><div class=\"grve-column-content\" ><div class=\"grve-element grve-image grve-align-center\">\r\n\t<div class=\"grve-image-item\">\r\n\t\t\r\n\r\n<div class=\"grve-image-wrapper grve-no-effect\">\r\n\t\t<div class=\"grve-thumbnail-wrapper\"  style=\"width: 1189px;\"><div class=\"grve-thumbnail\"  style=\"padding-top: 100%;\"><img loading=\"lazy\" decoding=\"async\" width=\"1189\" height=\"1189\" src=\"https:\/\/emag.baerenreiter.com\/wp-content\/uploads\/2025\/03\/eMagazin-Artikelbild_1_Bach-Wettbewerb_News_Maerz-2025-1.webp\" class=\"attachment-full size-full\" alt=\"Drei junge Erwachsene mit Blumenstr\u00e4u\u00dfen auf der B\u00fchne eines Konzertsaals, ein Fl\u00fcgel im Hintergrund; zwei stehen, eine sitzt in der Mitte.\" srcset=\"https:\/\/emag.baerenreiter.com\/wp-content\/uploads\/2025\/03\/eMagazin-Artikelbild_1_Bach-Wettbewerb_News_Maerz-2025-1.webp 1x,https:\/\/emag.baerenreiter.com\/wp-content\/uploads\/2025\/03\/eMagazin-Artikelbild_1_Bach-Wettbewerb_News_Maerz-2025-1.webp 2x\" data-column-space=\"auto\" data-lazyload=\"\" data-grve-filter=\"yes\" loading=\"lazy\" \/><\/div><\/div>\t<\/div>\r\n\t<\/div>\r\n<\/div>\r\n<div class=\"grve-empty-space grve-height-1x\"><\/div><div class=\"grve-element grve-text\">\r\n\t\t\t<p>At the grand finale of the Bach Competition 2025 which was held at the Gewandhaus in Leipzig on 21 March, the result was conclusive. By a large majority, the jury awarded 21-year-old Czech Jan \u010cmejla first prize followed by his compatriot Marek Koz\u00e1k in second place and Mariamna Sherling (Israel) in third. All three performed the \u201cChromatic Fantasy and Fugue \u201d in D minor BWV 903. Subsequently they each played a piano concerto (Schumann, Mendelssohn, Grieg) together with the MDR Symphony Orchestra conducted by Enrico Delamboye.<\/p>\n\r\n\t\t<\/div>\r\n\t<div class=\"grve-empty-space grve-height-1x\"><\/div><div class=\"grve-element grve-image grve-align-center\">\r\n\t<div class=\"grve-image-item\">\r\n\t\t\r\n\r\n<div class=\"grve-image-wrapper grve-no-effect\">\r\n\t\t<div class=\"grve-thumbnail-wrapper\"  style=\"width: 933px;\"><div class=\"grve-thumbnail\"  style=\"padding-top: 100%;\"><img loading=\"lazy\" decoding=\"async\" width=\"933\" height=\"933\" src=\"https:\/\/emag.baerenreiter.com\/wp-content\/uploads\/2025\/03\/eMagazin-Artikelbild_2_Bach-Wettbewerb_News_Maerz-2025-1.webp\" class=\"attachment-full size-full\" alt=\"\" srcset=\"https:\/\/emag.baerenreiter.com\/wp-content\/uploads\/2025\/03\/eMagazin-Artikelbild_2_Bach-Wettbewerb_News_Maerz-2025-1.webp 1x,https:\/\/emag.baerenreiter.com\/wp-content\/uploads\/2025\/03\/eMagazin-Artikelbild_2_Bach-Wettbewerb_News_Maerz-2025-1.webp 2x\" data-column-space=\"auto\" data-lazyload=\"\" data-grve-filter=\"yes\" loading=\"lazy\" \/><\/div><\/div>\t<\/div>\r\n\t<\/div>\r\n<\/div>\r\n<div class=\"grve-empty-space grve-height-1x\"><\/div><div class=\"grve-element grve-text\">\r\n\t\t\t<p>Jan \u010cmejla also won the audience prize and received a B\u00e4renreiter Urtext Prize in the form of a generous voucher for sheet music from the publisher. This was for the best interpretations of works by Johann Sebastian Bach, on whose 340th birthday the finale took place.<\/p>\n\r\n\t\t<\/div>\r\n\t<div class=\"grve-empty-space grve-height-1x\"><\/div><\/div><\/div><\/div><div class=\"grve-column wpb_column grve-bookmark grve-column-1-4  grve-with-bg-transparent grve-empty-column\"><div class=\"grve-column-wrapper\"><div class=\"grve-column-content\" ><\/div><\/div><\/div><\/div><\/div><\/div>\n"},"excerpt":{"rendered":"<p>Jan \u010cmejla, first prize recipient of this year&#8217;s Bach Competition receives the B\u00e4renreiter Urtext Prize.<\/p>\n","protected":false},"author":5,"featured_media":15870,"comment_status":"open","ping_status":"open","sticky":false,"template":"","format":"standard","meta":{"_acf_changed":false,"_vp_format_video_url":"","_vp_image_focal_point":[],"_vp_custom_popup_image":0,"_vp_format_audio_url":"","_vp_album_images":[],"_vp_custom_thumbnail":0,"_vp_custom_thumbnail_focal_point":[],"_vp_custom_thumbnail_cover":0,"_vp_hover_thumbnail":0,"_vp_hover_thumbnail_focal_point":[],"footnotes":""},"categories":[94],"tags":[],"class_list":["post-15890","post","type-post","status-publish","format-standard","has-post-thumbnail","hentry","category-news-en","grve-entry-item","grve-blog-item"],"acf":[],"mtags":false,"wpml_current_locale":"en_US","wpml_translations":{"de_DE":{"locale":"de_DE","id":15882,"slug":"ueberzeugender-sieger-beim-bach-wettbewerb","post_title":"\u00dcberzeugender Sieger beim Bach-Wettbewerb","href":"https:\/\/emag.baerenreiter.com\/news\/ueberzeugender-sieger-beim-bach-wettbewerb\/"}},"_links":{"self":[{"href":"https:\/\/emag.baerenreiter.com\/en\/wp-json\/wp\/v2\/posts\/15890","targetHints":{"allow":["GET"]}}],"collection":[{"href":"https:\/\/emag.baerenreiter.com\/en\/wp-json\/wp\/v2\/posts"}],"about":[{"href":"https:\/\/emag.baerenreiter.com\/en\/wp-json\/wp\/v2\/types\/post"}],"author":[{"embeddable":true,"href":"https:\/\/emag.baerenreiter.com\/en\/wp-json\/wp\/v2\/users\/5"}],"replies":[{"embeddable":true,"href":"https:\/\/emag.baerenreiter.com\/en\/wp-json\/wp\/v2\/comments?post=15890"}],"version-history":[{"count":8,"href":"https:\/\/emag.baerenreiter.com\/en\/wp-json\/wp\/v2\/posts\/15890\/revisions"}],"predecessor-version":[{"id":15900,"href":"https:\/\/emag.baerenreiter.com\/en\/wp-json\/wp\/v2\/posts\/15890\/revisions\/15900"}],"wp:featuredmedia":[{"embeddable":true,"href":"https:\/\/emag.baerenreiter.com\/en\/wp-json\/wp\/v2\/media\/15870"}],"wp:attachment":[{"href":"https:\/\/emag.baerenreiter.com\/en\/wp-json\/wp\/v2\/media?parent=15890"}],"wp:term":[{"taxonomy":"category","embeddable":true,"href":"https:\/\/emag.baerenreiter.com\/en\/wp-json\/wp\/v2\/categories?post=15890"},{"taxonomy":"post_tag","embeddable":true,"href":"https:\/\/emag.baerenreiter.com\/en\/wp-json\/wp\/v2\/tags?post=15890"}],"curies":[{"name":"wp","href":"https:\/\/api.w.org\/{rel}","templated":true}]}}